{"id":2570,"date":"2021-07-27T18:52:06","date_gmt":"2021-07-27T18:52:06","guid":{"rendered":"http:\/\/juntosnohaylimites.org\/?p=2570"},"modified":"2021-07-27T18:52:51","modified_gmt":"2021-07-27T18:52:51","slug":"el-20-de-julio-entregamos-nuevamente-dos-ordenadores-en-galapagar","status":"publish","type":"post","link":"http:\/\/juntosnohaylimites.org\/index.php\/2021\/07\/27\/el-20-de-julio-entregamos-nuevamente-dos-ordenadores-en-galapagar\/","title":{"rendered":"El 20 de julio entregamos nuevamente dos ordenadores en Galapagar"},"content":{"rendered":"\t\t<div data-elementor-type=\"wp-post\" data-elementor-id=\"2570\" class=\"elementor elementor-2570\">\n\t\t\t\t\t\t<section class=\"elementor-section elementor-top-section elementor-element elementor-element-53a5f1b elementor-section-boxed elementor-section-height-default elementor-section-height-default\" data-id=\"53a5f1b\" data-element_type=\"section\">\n\t\t\t\t\t\t<div class=\"elementor-container elementor-column-gap-default\">\n\t\t\t\t\t<div class=\"elementor-column elementor-col-100 elementor-top-column elementor-element elementor-element-cf6588a\" data-id=\"cf6588a\" data-element_type=\"column\">\n\t\t\t<div class=\"elementor-widget-wrap elementor-element-populated\">\n\t\t\t\t\t\t<div class=\"elementor-element elementor-element-aac9470 elementor-widget elementor-widget-text-editor\" data-id=\"aac9470\" data-element_type=\"widget\" data-widget_type=\"text-editor.default\">\n\t\t\t\t<div class=\"elementor-widget-container\">\n\t\t\t\t\t\t\t<h2><span style=\"font-size: 28px; font-weight: bold;\"><span style=\"font-size: 28px; color: #800080;\">QUE TOD@S ALUMN@S PUEDAN REALIZAR LAS TAREAS EN CASA.<\/span><\/span><\/h2><h3 style=\"text-align: justify;\"><span style=\"font-size: 24px; font-weight: bold;\">Seguimos distribuyendo ordenadores y\u00a0<span style=\"font-size: 18px;\">ayudando a familias con productos b\u00e1sicos!!!<\/span><\/span><\/h3><div>\u00a0<\/div><p><a href=\"http:\/\/juntosnohaylimites.org\/wp-content\/uploads\/2021\/07\/Galapagar-C-02-1.jpg\"><img fetchpriority=\"high\" decoding=\"async\" class=\"alignleft wp-image-2573 \" src=\"http:\/\/juntosnohaylimites.org\/wp-content\/uploads\/2021\/07\/Galapagar-C-02-1-142x300.jpg\" alt=\"\" width=\"195\" height=\"412\" srcset=\"http:\/\/juntosnohaylimites.org\/wp-content\/uploads\/2021\/07\/Galapagar-C-02-1-142x300.jpg 142w, http:\/\/juntosnohaylimites.org\/wp-content\/uploads\/2021\/07\/Galapagar-C-02-1-483x1024.jpg 483w, http:\/\/juntosnohaylimites.org\/wp-content\/uploads\/2021\/07\/Galapagar-C-02-1-768x1627.jpg 768w, http:\/\/juntosnohaylimites.org\/wp-content\/uploads\/2021\/07\/Galapagar-C-02-1-725x1536.jpg 725w, http:\/\/juntosnohaylimites.org\/wp-content\/uploads\/2021\/07\/Galapagar-C-02-1-967x2048.jpg 967w, http:\/\/juntosnohaylimites.org\/wp-content\/uploads\/2021\/07\/Galapagar-C-02-1.jpg 979w\" sizes=\"(max-width: 195px) 100vw, 195px\" \/><\/a><span style=\"color: #000000; font-family: Arial, sans-serif; font-size: 18px; font-style: normal; font-weight: 400; text-align: justify;\">Seguimos cubriendo necesidades de alumn@s de primaria y secundaria, pero tambi\u00e9n de otras personas que lo necesitan.\u00a0<\/span><\/p><p style=\"text-align: justify;\"><span style=\"color: #000000; font-family: Arial, sans-serif; font-size: 18px; font-style: normal; font-weight: 400;\">El 20 de julio estuvimos en casa de A., alumno de Bachillerato de Galapagar para entergarle una torre con monitor, teclado, rat\u00f3n, wifi usb y webcam,.<\/span><\/p><p style=\"text-align: justify;\"><span style=\"color: #000000; font-family: Arial, sans-serif; font-size: 18px; font-style: normal; font-weight: 400;\">Tal como hacemos habitualmente, le hemos explicado c\u00f3mo se conectan todos los elementos del equipo, aunque ya sab\u00eda bastante. Despu\u00e9s de conectar todo, A. lo ha puesto en marcha.\u00a0<\/span><\/p><p style=\"text-align: justify;\"><span style=\"font-size: 18px; font-style: normal; font-weight: 400; color: #000000; font-family: Arial, sans-serif;\">Como hacemos habitualmente le explicamos\u00a0 el funcionamiento del ordenador, del sistema operativo (la \u00faltima versi\u00f3n de Linux Mint), de los programas que hemos instalado y le invitamos a utilizarlo para comprobar que todo funcionaba correctamente.<\/span><span style=\"color: #000000; font-family: Arial, sans-serif; font-size: 18px; font-style: normal; font-weight: 400;\">.<\/span><span style=\"color: #000000; font-family: Arial, sans-serif; font-size: 18px; font-style: normal; font-weight: 400;\">\u00a0<\/span><\/p><p>\u00a0<\/p><p style=\"text-align: justify;\"><span style=\"font-size: 18px; font-style: normal; font-weight: 400; color: #000000; font-family: Arial, sans-serif;\">Comprobamos que la Webcam con micr\u00f3fono funcionaba. Tambi\u00e9n comprobamos que todo lo dem\u00e1s funcionaba. Como es habitual le dijimos que si tienen cualquier problema puede contactar de nuevo con nosotros.\u00a0<\/span><\/p><p>\u00a0<\/p><p><img decoding=\"async\" class=\"wp-image-2574 alignright\" src=\"http:\/\/juntosnohaylimites.org\/wp-content\/uploads\/2021\/07\/Galapagar-C-01-300x142.jpg\" alt=\"\" width=\"321\" height=\"152\" srcset=\"http:\/\/juntosnohaylimites.org\/wp-content\/uploads\/2021\/07\/Galapagar-C-01-300x142.jpg 300w, http:\/\/juntosnohaylimites.org\/wp-content\/uploads\/2021\/07\/Galapagar-C-01-1024x483.jpg 1024w, http:\/\/juntosnohaylimites.org\/wp-content\/uploads\/2021\/07\/Galapagar-C-01-768x363.jpg 768w, http:\/\/juntosnohaylimites.org\/wp-content\/uploads\/2021\/07\/Galapagar-C-01-1536x725.jpg 1536w, http:\/\/juntosnohaylimites.org\/wp-content\/uploads\/2021\/07\/Galapagar-C-01-2048x967.jpg 2048w, http:\/\/juntosnohaylimites.org\/wp-content\/uploads\/2021\/07\/Galapagar-C-01-1230x581.jpg 1230w\" sizes=\"(max-width: 321px) 100vw, 321px\" \/><\/p><p><span style=\"color: #000000; font-family: Arial, sans-serif; font-size: 18px; text-align: justify;\">T<\/span><span style=\"font-size: 18px; color: #000000; font-family: Arial, sans-serif;\">a<\/span><span style=\"font-size: 18px; font-style: normal; font-weight: 400; color: #000000; font-family: Arial, sans-serif;\">mbi\u00e9n facilitamos a radiogalapagar.es una torre para sustituir el ordenador que utilizaban y que hab\u00eda muerto. No pudimos probarlo in situ porque carec\u00edamos de llave del local y Luis, el t\u00e9cnico, se hizo cargo del equipo.\u00a0<\/span><\/p><p><span style=\"color: #000000; font-family: Arial, sans-serif; font-size: 18px; font-style: normal; font-weight: 400;\">Con este son ya <\/span><span style=\"color: #000000; font-family: Arial, sans-serif; font-size: 18px; font-style: normal;\"><b>40 ordenadores entregados<\/b><\/span><span style=\"color: #000000; font-family: Arial, sans-serif; font-size: 18px; font-style: normal; font-weight: 400;\"> a familias, alumn@s y otras personas que lo necesitan de Collado Villalba (9), Galapagar (13) <\/span><span style=\"color: #000000; font-family: Arial, sans-serif; font-size: 18px; font-style: normal; font-weight: 400;\">,\u00a0<\/span><span style=\"color: #000000; font-family: Arial, sans-serif; font-size: 18px; font-style: normal; font-weight: 400;\">Valdemorillo,\u00a0<\/span><span style=\"color: #000000; font-family: Arial, sans-serif; font-size: 18px; font-style: normal; font-weight: 400;\">Las Rozas (2), San Lorenzo de el Escoria<\/span><span style=\"color: #000000; font-family: Arial, sans-serif; font-size: 18px; font-style: normal; font-weight: 400;\">l (9), Madrid (2) y Majadahonda (4).<\/span><\/p><p><img decoding=\"async\" class=\"alignleft wp-image-2575 size-medium\" src=\"http:\/\/juntosnohaylimites.org\/wp-content\/uploads\/2021\/07\/Galapagar-C-03-300x142.jpg\" alt=\"\" width=\"300\" height=\"142\" srcset=\"http:\/\/juntosnohaylimites.org\/wp-content\/uploads\/2021\/07\/Galapagar-C-03-300x142.jpg 300w, http:\/\/juntosnohaylimites.org\/wp-content\/uploads\/2021\/07\/Galapagar-C-03-1024x483.jpg 1024w, http:\/\/juntosnohaylimites.org\/wp-content\/uploads\/2021\/07\/Galapagar-C-03-768x363.jpg 768w, http:\/\/juntosnohaylimites.org\/wp-content\/uploads\/2021\/07\/Galapagar-C-03-1536x725.jpg 1536w, http:\/\/juntosnohaylimites.org\/wp-content\/uploads\/2021\/07\/Galapagar-C-03-2048x967.jpg 2048w, http:\/\/juntosnohaylimites.org\/wp-content\/uploads\/2021\/07\/Galapagar-C-03-1230x581.jpg 1230w\" sizes=\"(max-width: 300px) 100vw, 300px\" \/><\/p><p style=\"font-family: Arial, sans-serif; font-size: 18px; font-style: normal; font-weight: 400; color: #000000; text-align: justify;\"><span style=\"font-weight: 400;\">Estamos a la espera de entregar otro ordenador a una mujer que lo necesita para acceder a los cursos de formaci\u00f3n laboral, para el acceso a los tr\u00e1mites que ahora son pr\u00e1cticamente on line. El trabajo telem\u00e1tico es una realidad y tambi\u00e9n la relaci\u00f3n telem\u00e1tica para cuestiones elementales relacionadas con el mundo laboral. La brecha digital se va agrandando si no ponemos remedio.<\/span><\/p><p style=\"font-family: Arial, sans-serif; font-size: 18px; font-style: normal; font-weight: 400; color: #000000; text-align: justify;\"><span style=\"font-size: 18px; font-weight: 400;\">Sigue existiendo una desigualdad \u201ctecnol\u00f3gica\u201d que se une a la desigualdad en las condiciones materiales en las que se desarrolla la socializaci\u00f3n de los ni\u00f1os y ni\u00f1as. Y todo ello en el marco de una ense\u00f1anza obligatoria que debe promover, supuestamente, la igualdad de oportunidades. La desigualdad social lleva en su seno la brecha tecnol\u00f3gica<\/span><\/p><p style=\"font-family: Arial, sans-serif; font-size: 18px; font-style: normal; font-weight: 400; color: #000000; text-align: justify;\"><strong>\u00bfQu\u00e9 es imprescindible?:<\/strong><\/p><ul><li style=\"list-style-type: none;\"><ul><li style=\"font-family: Arial, sans-serif; font-size: 18px; font-style: normal; font-weight: 400; color: #000000; text-align: justify;\"><span style=\"font-family: Arial, sans-serif; font-size: 18px; font-style: normal; font-weight: 400;\">Un equipo inform\u00e1tico digno (CPU de doble o triple n\u00facleo, 4 o m\u00e1s gb de RAM)<\/span><\/li><li style=\"font-family: Arial, sans-serif; font-size: 18px; font-style: normal; font-weight: 400; color: #000000; text-align: justify;\">Una conexi\u00f3n a internet.<\/li><li style=\"font-family: Arial, sans-serif; font-size: 18px; font-style: normal; font-weight: 400; color: #000000; text-align: justify;\">Webcam y sistema de sonido con mirc\u00f3fono<\/li><li style=\"font-family: Arial, sans-serif; font-size: 18px; font-style: normal; font-weight: 400; color: #000000; text-align: justify;\">Formaci\u00f3n digital para la familia.<\/li><li style=\"font-family: Arial, sans-serif; font-size: 18px; font-style: normal; font-weight: 400; color: #000000; text-align: justify;\">Formaci\u00f3n digital para el profesorado.<\/li><\/ul><\/li><\/ul><p style=\"font-family: Arial, sans-serif; font-size: 18px; font-style: normal; font-weight: 400; color: #000000; text-align: justify;\">Seguimos ayudando en lo que podemos, pero es importante que la brecha digital no crezca y que mejoren las condiciones sociales para las cuales es imprescindible que las administraciones act\u00faen.<\/p>\t\t\t\t\t\t<\/div>\n\t\t\t\t<\/div>\n\t\t\t\t<div class=\"elementor-element elementor-element-361baf1 elementor-widget-divider--view-line elementor-widget elementor-widget-divider\" data-id=\"361baf1\" data-element_type=\"widget\" data-widget_type=\"divider.default\">\n\t\t\t\t<div class=\"elementor-widget-container\">\n\t\t\t\t\t<div class=\"elementor-divider\">\n\t\t\t<span class=\"elementor-divider-separator\">\n\t\t\t\t\t\t<\/span>\n\t\t<\/div>\n\t\t\t\t<\/div>\n\t\t\t\t<\/div>\n\t\t\t\t<div class=\"elementor-element elementor-element-989f07b elementor-widget elementor-widget-text-editor\" data-id=\"989f07b\" data-element_type=\"widget\" data-widget_type=\"text-editor.default\">\n\t\t\t\t<div class=\"elementor-widget-container\">\n\t\t\t\t\t\t\t<p style=\"font-family: Arial, sans-serif; font-size: 18px; font-style: normal; font-weight: 400; color: #000000; text-align: justify;\"><strong style=\"color: #993300; font-size: 24px;\">Seguimos teniendo ordenadores preparados para quien lo necesite.<\/strong><\/p><p style=\"font-family: Arial, sans-serif; font-size: 18px; font-style: normal; font-weight: 400; color: #000000; text-align: justify;\">El objetivo sigue siendo que l@s alumn@s tengan lo necesario para poder seguir las clases, especialmente cuando se produzca un confinamiento.<\/p><p style=\"font-family: Arial, sans-serif; font-size: 18px; font-style: normal; font-weight: 400; color: #000000; text-align: justify;\">Aunque tenemos algunos perif\u00e9ricos, otros nos faltan. <span style=\"color: #993300;\"><strong>Necesitamos altavoces, ratones, USB Wifis y WebCam<\/strong><\/span> para dotar a todos los ordenadores de los requisitos m\u00ednimos para trabajar a distancia.\u00a0 Si alguien dispone de ellos y no los usa puede ced\u00e9rnoslo.<\/p><p style=\"font-family: Arial, sans-serif; font-size: 18px; font-style: normal; font-weight: 400; color: #000000; text-align: justify;\"><strong><span style=\"color: #993300;\">Tambi\u00e9n necesitamos discos duros internos<\/span><\/strong> para algunas torres que est\u00e1n realmente bien\u00a0 pero que nos las han pasado sin ellos.<\/p><p style=\"font-family: Arial, sans-serif; font-size: 18px; font-style: normal; font-weight: 400; color: #000000; text-align: justify;\">Para este curso escolar, condicionado por la pandemia, es necesario que tod@s l@s alumn@s puedan disponer de ordenadores en sus casas porque es f\u00e1cil que lo necesiten para el acceso online, tanto para las clases como para las tareas.<\/p><ul style=\"font-family: Arial, sans-serif; font-size: 18px; font-style: normal; color: #000000; text-align: justify;\"><li style=\"font-weight: 400; font-size: 18px;\"><span style=\"font-size: 18px; color: #800000;\"><span style=\"font-size: 30px; font-weight: bold;\">Si necesitas un ordenador<\/span><\/span>\u00a0ponte en contacto con nosotr@s.<\/li><li style=\"font-size: 18px;\"><span style=\"font-size: 30px; color: #800000;\"><b>COLABORA<\/b><\/span>.\u00a0<span style=\"font-weight: bold; font-size: 18px;\">Difunde<\/span>\u00a0y\u00a0<span style=\"font-weight: bold; font-size: 18px;\">si tienes equipos y perif\u00e9ricos (wifi usb, webcam, micr\u00f3fonos, altavoces, discos&#8230;)<\/span>\u00a0que puedan utilizarse, ponte tambi\u00e9n en contacto con nosotr@s.<\/li><\/ul><h3 style=\"text-align: justify;\">QUE TOD@S ALUMN@S PUEDAN REALIZAR LAS TAREAS EN CASA<\/h3><p style=\"font-family: Arial, sans-serif; font-size: 18px; font-style: normal; font-weight: 400; color: #000000; text-align: justify;\">Adem\u00e1s\u00a0<span style=\"font-size: 18px; font-weight: bold;\">seguimos distribuyendo productos b\u00e1sicos<\/span>.<\/p><ul style=\"font-family: Arial, sans-serif; font-size: 18px; font-style: normal; font-weight: 400; color: #000000; text-align: justify;\"><li style=\"font-size: 18px;\"><span style=\"font-size: 18px; color: #800000;\"><span style=\"font-size: 18px; font-weight: bold;\">COLABORA.<\/span><\/span><\/li><\/ul><p style=\"font-family: Arial, sans-serif; font-size: 18px; font-style: normal; font-weight: 400; color: #000000; text-align: justify;\"><span style=\"font-size: 18px;\">Si necesitas un ordenador para realizar las tareas educativas o conoces a alguien que lo necesite, ponte en contacto con nosotros y os lo hacemos llegar.<\/span><\/p><hr style=\"background-color: #ffffff; color: #000000; font-family: Arial, sans-serif; text-align: justify;\" \/><div style=\"font-family: Arial, sans-serif; font-size: 18px; font-style: normal; font-weight: 400; color: #000000; text-align: justify;\"><span style=\"font-size: 18px; font-weight: bold;\"><span style=\"font-size: 18px; color: #800000;\">Contacto:<\/span><\/span><\/div><ul style=\"font-family: Arial, sans-serif; font-size: 18px; font-style: normal; font-weight: 400; color: #000000; text-align: justify;\"><li style=\"font-size: 18px;\"><span style=\"font-size: 18px; font-weight: bold;\"><span style=\"font-size: 18px; color: #800000;\">Tel\u00e9fonos: 629564515 \/ 630315914<br \/><\/span><\/span><\/li><li style=\"font-size: 18px;\"><span style=\"font-size: 18px; font-weight: bold;\"><span style=\"font-size: 18px; color: #800000;\">Email: juntosnohaylimites@gmail.com<\/span><\/span><\/li><\/ul><p style=\"font-family: Arial, sans-serif; font-size: 18px; font-style: normal; font-weight: 400; color: #000000; text-align: center;\"><span style=\"font-size: 18px; font-weight: bold;\">Te necesitamos, te esperamos.\u00a0<\/span><br \/><span style=\"font-size: 18px; font-weight: bold;\">Entre tod@s hacemos un mundo\u00a0<\/span><span style=\"font-size: 18px; font-weight: bold;\">mejor.<\/span><\/p><p style=\"font-family: Arial, sans-serif; font-size: 18px; font-style: normal; font-weight: 400; color: #000000; text-align: center;\"><span style=\"font-size: 18px; color: #0000ff;\"><span style=\"font-size: 18px; font-weight: bold;\"><a style=\"font-size: 18px;\" href=\"http:\/\/juntosnohaylimites.org\/wp-admin\/customize.php?autofocus%5Bpanel%5D=widgets&amp;return=%2Fwp-admin%2Fwidgets.php\" target=\"_blank\" rel=\"noopener\">Dona, ap\u00f3yanos econ\u00f3micamente para conseguirlo.<\/a><\/span><\/span><\/p>\t\t\t\t\t\t<\/div>\n\t\t\t\t<\/div>\n\t\t\t\t<section class=\"elementor-section elementor-inner-section elementor-element elementor-element-4805e10 elementor-section-boxed elementor-section-height-default elementor-section-height-default\" data-id=\"4805e10\" data-element_type=\"section\">\n\t\t\t\t\t\t<div class=\"elementor-container elementor-column-gap-default\">\n\t\t\t\t\t<div class=\"elementor-column elementor-col-50 elementor-inner-column elementor-element elementor-element-d26ea11\" data-id=\"d26ea11\" data-element_type=\"column\">\n\t\t\t<div class=\"elementor-widget-wrap elementor-element-populated\">\n\t\t\t\t\t\t<div class=\"elementor-element elementor-element-5b840c8 elementor-widget elementor-widget-html\" data-id=\"5b840c8\" data-element_type=\"widget\" data-widget_type=\"html.default\">\n\t\t\t\t<div class=\"elementor-widget-container\">\n\t\t\t<div class=\"gfm-embed\" data-url=\"https:\/\/www.gofundme.com\/f\/juntosayudaalimentos\/widget\/medium\/\"><\/div><script defer src=\"https:\/\/www.gofundme.com\/static\/js\/embed.js\"><\/script>\n\t\t<\/div>\n\t\t\t\t<\/div>\n\t\t\t\t\t<\/div>\n\t\t<\/div>\n\t\t\t\t<div class=\"elementor-column elementor-col-50 elementor-inner-column elementor-element elementor-element-ca6156a\" data-id=\"ca6156a\" data-element_type=\"column\">\n\t\t\t<div class=\"elementor-widget-wrap elementor-element-populated\">\n\t\t\t\t\t\t<div class=\"elementor-element elementor-element-28209dc elementor-widget elementor-widget-html\" data-id=\"28209dc\" data-element_type=\"widget\" data-widget_type=\"html.default\">\n\t\t\t\t<div class=\"elementor-widget-container\">\n\t\t\t <div class=\"elementor-widget-container\">\n     <div class=\"elementor-button-wrapper\">\n   <a href=\"https:\/\/www.facebook.com\/fund\/juntosnohaylimites\/\" target=\"_blank\" class=\"elementor-button-link elementor-button elementor-size-sm\" role=\"button\">\n      <span class=\"elementor-button-content-wrapper\">\n      <span class=\"elementor-button-icon elementor-align-icon-left\">\n    <i aria-hidden=\"true\" class=\"fas fa-money-bill-wave\"><\/i>   <\/span>\n      <span class=\"elementor-button-text elementor-inline-editing\" data-elementor-setting-key=\"text\" data-elementor-inline-editing-toolbar=\"none\" style=\"font-weight: bold;\">Crea una recaudaci\u00f3n en Facebook a nuestro nombre<\/span>\n  <\/span>\n     <\/a>\n  <\/div>\n    <\/div>\n\t\t<\/div>\n\t\t\t\t<\/div>\n\t\t\t\t<div class=\"elementor-element elementor-element-b812a48 elementor-widget elementor-widget-html\" data-id=\"b812a48\" data-element_type=\"widget\" data-widget_type=\"html.default\">\n\t\t\t\t<div class=\"elementor-widget-container\">\n\t\t\t  <div class=\"elementor-widget-container\">\n     <div class=\"elementor-button-wrapper\" align=\"center\">\n   <a href=\"https:\/\/www.facebook.com\/juntosnohaylimites\" target=\"_blank\" class=\"elementor-button-link elementor-button elementor-size-md\" role=\"button\">\n      <span class=\"elementor-button-content-wrapper\">\n      <span class=\"elementor-button-icon elementor-align-icon-left\">\n    <i aria-hidden=\"true\" class=\"fas fa-money-bill-wave\"><\/i>   <\/span>\n      <span class=\"elementor-button-text elementor-inline-editing\" data-elementor-setting-key=\"text\" data-elementor-inline-editing-toolbar=\"none\" style=\"color: #FFF780;font-weight: bold;\">Dona a trav\u00e9s de Facebook<\/span>\n  <\/span>\n     <\/a>\n  <\/div>\n    <\/div>\t\t<\/div>\n\t\t\t\t<\/div>\n\t\t\t\t<div class=\"elementor-element elementor-element-d338c27 elementor-widget elementor-widget-html\" data-id=\"d338c27\" data-element_type=\"widget\" data-widget_type=\"html.default\">\n\t\t\t\t<div class=\"elementor-widget-container\">\n\t\t\t <div class=\"elementor-widget-container\">\n     <div class=\"elementor-button-wrapper\">\n   <a href=\"http:\/\/juntosnohaylimites.org\/index.php\/colabora\/\" target=\"_blank\" class=\"elementor-button-link elementor-button elementor-size-lg\" role=\"button\">\n      <span class=\"elementor-button-content-wrapper\">\n      <span class=\"elementor-button-icon elementor-align-icon-left\">\n    <i aria-hidden=\"true\" class=\"fas fa-money-bill-wave\"><\/i>   <\/span>\n      <span class=\"elementor-button-text elementor-inline-editing\" data-elementor-setting-key=\"text\" data-elementor-inline-editing-toolbar=\"none\" style=\"font-weight: bold;\">Env\u00eda una transferencia a nuestra cuenta<\/span>\n  <\/span>\n     <\/a>\n  <\/div>\n    <\/div>\t\t<\/div>\n\t\t\t\t<\/div>\n\t\t\t\t\t<\/div>\n\t\t<\/div>\n\t\t\t\t\t<\/div>\n\t\t<\/section>\n\t\t\t\t<div class=\"elementor-element elementor-element-c18927d elementor-widget elementor-widget-image\" data-id=\"c18927d\" data-element_type=\"widget\" data-widget_type=\"image.default\">\n\t\t\t\t<div class=\"elementor-widget-container\">\n\t\t\t\t\t\t\t\t\t\t\t\t\t<img loading=\"lazy\" decoding=\"async\" width=\"1024\" height=\"512\" src=\"http:\/\/juntosnohaylimites.org\/wp-content\/uploads\/2021\/06\/Imagen-destacada-M-San-Lorenzo-1024x512.png\" class=\"attachment-large size-large wp-image-2499\" alt=\"\" srcset=\"http:\/\/juntosnohaylimites.org\/wp-content\/uploads\/2021\/06\/Imagen-destacada-M-San-Lorenzo-1024x512.png 1024w, http:\/\/juntosnohaylimites.org\/wp-content\/uploads\/2021\/06\/Imagen-destacada-M-San-Lorenzo-300x150.png 300w, http:\/\/juntosnohaylimites.org\/wp-content\/uploads\/2021\/06\/Imagen-destacada-M-San-Lorenzo-768x384.png 768w, http:\/\/juntosnohaylimites.org\/wp-content\/uploads\/2021\/06\/Imagen-destacada-M-San-Lorenzo-1536x768.png 1536w, http:\/\/juntosnohaylimites.org\/wp-content\/uploads\/2021\/06\/Imagen-destacada-M-San-Lorenzo-1230x615.png 1230w, http:\/\/juntosnohaylimites.org\/wp-content\/uploads\/2021\/06\/Imagen-destacada-M-San-Lorenzo-680x340.png 680w, http:\/\/juntosnohaylimites.org\/wp-content\/uploads\/2021\/06\/Imagen-destacada-M-San-Lorenzo.png 2048w\" sizes=\"(max-width: 1024px) 100vw, 1024px\" \/>\t\t\t\t\t\t\t\t\t\t\t\t\t<\/div>\n\t\t\t\t<\/div>\n\t\t\t\t\t<\/div>\n\t\t<\/div>\n\t\t\t\t\t<\/div>\n\t\t<\/section>\n\t\t\t\t<\/div>\n\t\t","protected":false},"excerpt":{"rendered":"<p>QUE TOD@S ALUMN@S PUEDAN REALIZAR LAS TAREAS EN CASA. Seguimos distribuyendo ordenadores y\u00a0ayudando a familias con productos b\u00e1sicos!!! \u00a0 Seguimos cubriendo necesidades de alumn@s de&#8230;<\/p>\n","protected":false},"author":1,"featured_media":2582,"comment_status":"open","ping_status":"open","sticky":false,"template":"template-c-s1-post.php","format":"standard","meta":{"_jetpack_memberships_contains_paid_content":false,"footnotes":""},"categories":[7,16],"tags":[19,18,6],"class_list":["post-2570","post","type-post","status-publish","format-standard","has-post-thumbnail","hentry","category-acciones","category-donacion-material-ordenadores","tag-alimentos","tag-covid-19","tag-junts-no-hay-limites","wpcat-7-id","wpcat-16-id"],"jetpack_sharing_enabled":true,"jetpack_featured_media_url":"http:\/\/juntosnohaylimites.org\/wp-content\/uploads\/2021\/07\/C-Galapagar-Destacada-e1627411898648.png","_links":{"self":[{"href":"http:\/\/juntosnohaylimites.org\/index.php\/wp-json\/wp\/v2\/posts\/2570","targetHints":{"allow":["GET"]}}],"collection":[{"href":"http:\/\/juntosnohaylimites.org\/index.php\/wp-json\/wp\/v2\/posts"}],"about":[{"href":"http:\/\/juntosnohaylimites.org\/index.php\/wp-json\/wp\/v2\/types\/post"}],"author":[{"embeddable":true,"href":"http:\/\/juntosnohaylimites.org\/index.php\/wp-json\/wp\/v2\/users\/1"}],"replies":[{"embeddable":true,"href":"http:\/\/juntosnohaylimites.org\/index.php\/wp-json\/wp\/v2\/comments?post=2570"}],"version-history":[{"count":14,"href":"http:\/\/juntosnohaylimites.org\/index.php\/wp-json\/wp\/v2\/posts\/2570\/revisions"}],"predecessor-version":[{"id":2589,"href":"http:\/\/juntosnohaylimites.org\/index.php\/wp-json\/wp\/v2\/posts\/2570\/revisions\/2589"}],"wp:featuredmedia":[{"embeddable":true,"href":"http:\/\/juntosnohaylimites.org\/index.php\/wp-json\/wp\/v2\/media\/2582"}],"wp:attachment":[{"href":"http:\/\/juntosnohaylimites.org\/index.php\/wp-json\/wp\/v2\/media?parent=2570"}],"wp:term":[{"taxonomy":"category","embeddable":true,"href":"http:\/\/juntosnohaylimites.org\/index.php\/wp-json\/wp\/v2\/categories?post=2570"},{"taxonomy":"post_tag","embeddable":true,"href":"http:\/\/juntosnohaylimites.org\/index.php\/wp-json\/wp\/v2\/tags?post=2570"}],"curies":[{"name":"wp","href":"https:\/\/api.w.org\/{rel}","templated":true}]}}