{"id":2078,"date":"2021-03-25T09:49:46","date_gmt":"2021-03-25T09:49:46","guid":{"rendered":"http:\/\/juntosnohaylimites.org\/?p=2078"},"modified":"2021-03-25T09:49:48","modified_gmt":"2021-03-25T09:49:48","slug":"26-marzo-ordenador-3-alumnas-primaria-san-lorenzo-de-el-escorial","status":"publish","type":"post","link":"http:\/\/juntosnohaylimites.org\/index.php\/2021\/03\/25\/26-marzo-ordenador-3-alumnas-primaria-san-lorenzo-de-el-escorial\/","title":{"rendered":"Ayer, 26 de marzo, entregamos un ordenador a una alumna de primaria de San Lorenzo de El Escorial"},"content":{"rendered":"\t\t<div data-elementor-type=\"wp-post\" data-elementor-id=\"2078\" class=\"elementor elementor-2078\">\n\t\t\t\t\t\t<section class=\"elementor-section elementor-top-section elementor-element elementor-element-53a5f1b elementor-section-boxed elementor-section-height-default elementor-section-height-default\" data-id=\"53a5f1b\" data-element_type=\"section\">\n\t\t\t\t\t\t<div class=\"elementor-container elementor-column-gap-default\">\n\t\t\t\t\t<div class=\"elementor-column elementor-col-100 elementor-top-column elementor-element elementor-element-cf6588a\" data-id=\"cf6588a\" data-element_type=\"column\">\n\t\t\t<div class=\"elementor-widget-wrap elementor-element-populated\">\n\t\t\t\t\t\t<div class=\"elementor-element elementor-element-aac9470 elementor-widget elementor-widget-text-editor\" data-id=\"aac9470\" data-element_type=\"widget\" data-widget_type=\"text-editor.default\">\n\t\t\t\t<div class=\"elementor-widget-container\">\n\t\t\t\t\t\t\t<h2><span style=\"font-size: 28px; font-weight: bold;\"><span style=\"font-size: 28px; color: #800080;\">QUE TOD@S ALUMN@S PUEDAN REALIZAR LAS TAREAS EN CASA.<\/span><\/span><\/h2><h3 style=\"text-align: justify;\"><span style=\"font-size: 24px; font-weight: bold;\">Seguimos distribuyendo ordenadores y\u00a0<span style=\"font-size: 18px;\">ayudando a familias con productos b\u00e1sicos!!!<\/span><\/span><\/h3><figure id=\"attachment_2088\" aria-describedby=\"caption-attachment-2088\" style=\"width: 255px\" class=\"wp-caption alignleft\"><a href=\"http:\/\/juntosnohaylimites.org\/wp-content\/uploads\/2021\/03\/2021.03.24-SLE-JAN-2.jpeg\"><img decoding=\"async\" class=\"wp-image-2088\" src=\"http:\/\/juntosnohaylimites.org\/wp-content\/uploads\/2021\/03\/2021.03.24-SLE-JAN-2-300x225.jpeg\" alt=\"\" width=\"255\" height=\"191\" srcset=\"http:\/\/juntosnohaylimites.org\/wp-content\/uploads\/2021\/03\/2021.03.24-SLE-JAN-2-300x225.jpeg 300w, http:\/\/juntosnohaylimites.org\/wp-content\/uploads\/2021\/03\/2021.03.24-SLE-JAN-2-1024x768.jpeg 1024w, http:\/\/juntosnohaylimites.org\/wp-content\/uploads\/2021\/03\/2021.03.24-SLE-JAN-2-768x576.jpeg 768w, http:\/\/juntosnohaylimites.org\/wp-content\/uploads\/2021\/03\/2021.03.24-SLE-JAN-2-1536x1152.jpeg 1536w, http:\/\/juntosnohaylimites.org\/wp-content\/uploads\/2021\/03\/2021.03.24-SLE-JAN-2-1230x923.jpeg 1230w, http:\/\/juntosnohaylimites.org\/wp-content\/uploads\/2021\/03\/2021.03.24-SLE-JAN-2-480x360.jpeg 480w, http:\/\/juntosnohaylimites.org\/wp-content\/uploads\/2021\/03\/2021.03.24-SLE-JAN-2.jpeg 2048w\" sizes=\"(max-width: 255px) 100vw, 255px\" \/><\/a><figcaption id=\"caption-attachment-2088\" class=\"wp-caption-text\">Explicando algunas cosas<\/figcaption><\/figure><p style=\"font-family: Arial, sans-serif; font-size: 18px; font-style: normal; font-weight: 400; color: #000000; text-align: justify;\"><span style=\"font-family: Arial, sans-serif; font-size: 18px; font-style: normal; font-weight: 400;\">Seguimos cubriendo necesidades inform\u00e1ticas de l@s alumn@s.\u00a0<\/span><\/p><p style=\"font-family: Arial, sans-serif; font-size: 18px; font-style: normal; font-weight: 400; color: #000000; text-align: justify;\"><span style=\"font-family: Arial, sans-serif; font-size: 18px; font-style: normal; font-weight: 400;\">Ayer, 24 de marzo entregamos un port\u00e1til a una alumna de primaria de San Lorenzo de El Escorial. Adem\u00e1s, tambi\u00e9n servir\u00e1 para su dos hermanas. El port\u00e1til va algo justo de velocidad, con una memoria RAM en el l\u00edmite. Es lento, pero estable. Le hemos prometido que cuando consigamos un ordenador algo m\u00e1s potente se lo cambiamos.<\/span><\/p><figure id=\"attachment_2089\" aria-describedby=\"caption-attachment-2089\" style=\"width: 255px\" class=\"wp-caption alignright\"><a href=\"http:\/\/juntosnohaylimites.org\/wp-content\/uploads\/2021\/03\/2021.03.24-SLE-JAN-3.jpeg\"><img decoding=\"async\" class=\"wp-image-2089\" src=\"http:\/\/juntosnohaylimites.org\/wp-content\/uploads\/2021\/03\/2021.03.24-SLE-JAN-3-300x225.jpeg\" alt=\"\" width=\"255\" height=\"191\" srcset=\"http:\/\/juntosnohaylimites.org\/wp-content\/uploads\/2021\/03\/2021.03.24-SLE-JAN-3-300x225.jpeg 300w, http:\/\/juntosnohaylimites.org\/wp-content\/uploads\/2021\/03\/2021.03.24-SLE-JAN-3-1024x768.jpeg 1024w, http:\/\/juntosnohaylimites.org\/wp-content\/uploads\/2021\/03\/2021.03.24-SLE-JAN-3-768x576.jpeg 768w, http:\/\/juntosnohaylimites.org\/wp-content\/uploads\/2021\/03\/2021.03.24-SLE-JAN-3-1536x1152.jpeg 1536w, http:\/\/juntosnohaylimites.org\/wp-content\/uploads\/2021\/03\/2021.03.24-SLE-JAN-3-1230x923.jpeg 1230w, http:\/\/juntosnohaylimites.org\/wp-content\/uploads\/2021\/03\/2021.03.24-SLE-JAN-3-480x360.jpeg 480w, http:\/\/juntosnohaylimites.org\/wp-content\/uploads\/2021\/03\/2021.03.24-SLE-JAN-3.jpeg 2048w\" sizes=\"(max-width: 255px) 100vw, 255px\" \/><\/a><figcaption id=\"caption-attachment-2089\" class=\"wp-caption-text\">Accediendo a la web del cole<\/figcaption><\/figure><p style=\"font-family: Arial, sans-serif; font-size: 18px; font-style: normal; font-weight: 400; color: #000000; text-align: justify;\"><span style=\"font-family: Arial, sans-serif; font-size: 18px; font-style: normal; font-weight: 400;\">Aprovechamos para explicarle el funcionamiento, como siempre hacemos, y la invitamos a entrar en el aula virtual del colegio y en el cuaderno de trabajo. Abri\u00f3 el navegador sin problemas y accedi\u00f3 al aulavirtual y luego al cuaderno de trabajo. Ah\u00ed pudo ver que hab\u00eda algunos ejercicios corregidos con sus notas.\u00a0<\/span><\/p><p style=\"font-family: Arial, sans-serif; font-size: 18px; font-style: normal; font-weight: 400; color: #000000; text-align: justify;\"><span style=\"font-family: Arial, sans-serif; font-size: 18px; font-style: normal; font-weight: 400;\">Con este son ya 30 ordenadores entregados a familias y alumn@s<\/span><\/p><figure id=\"attachment_2091\" aria-describedby=\"caption-attachment-2091\" style=\"width: 255px\" class=\"wp-caption alignleft\"><a href=\"http:\/\/juntosnohaylimites.org\/wp-content\/uploads\/2021\/03\/2021.03.24-SLE-JAN-4.jpeg\"><img decoding=\"async\" class=\"wp-image-2091\" src=\"http:\/\/juntosnohaylimites.org\/wp-content\/uploads\/2021\/03\/2021.03.24-SLE-JAN-4-300x225.jpeg\" alt=\"\" width=\"255\" height=\"191\" srcset=\"http:\/\/juntosnohaylimites.org\/wp-content\/uploads\/2021\/03\/2021.03.24-SLE-JAN-4-300x225.jpeg 300w, http:\/\/juntosnohaylimites.org\/wp-content\/uploads\/2021\/03\/2021.03.24-SLE-JAN-4-1024x768.jpeg 1024w, http:\/\/juntosnohaylimites.org\/wp-content\/uploads\/2021\/03\/2021.03.24-SLE-JAN-4-768x576.jpeg 768w, http:\/\/juntosnohaylimites.org\/wp-content\/uploads\/2021\/03\/2021.03.24-SLE-JAN-4-1536x1152.jpeg 1536w, http:\/\/juntosnohaylimites.org\/wp-content\/uploads\/2021\/03\/2021.03.24-SLE-JAN-4-1230x923.jpeg 1230w, http:\/\/juntosnohaylimites.org\/wp-content\/uploads\/2021\/03\/2021.03.24-SLE-JAN-4-480x360.jpeg 480w, http:\/\/juntosnohaylimites.org\/wp-content\/uploads\/2021\/03\/2021.03.24-SLE-JAN-4.jpeg 2048w\" sizes=\"(max-width: 255px) 100vw, 255px\" \/><\/a><figcaption id=\"caption-attachment-2091\" class=\"wp-caption-text\">Viendo algunos ejercicios del cuaderno<\/figcaption><\/figure><p style=\"font-family: Arial, sans-serif; font-size: 18px; font-style: normal; font-weight: 400; color: #000000; text-align: justify;\"><span style=\"font-family: Arial, sans-serif; font-size: 18px; font-style: normal; font-weight: 400;\">que lo necesitaban de Collado Villalba (5), Galapagar (9)\u00a0<\/span><span style=\"font-family: Arial, sans-serif; font-size: 18px; font-style: normal; font-weight: 400;\">,\u00a0<\/span><span style=\"font-family: Arial, sans-serif; font-size: 18px; font-style: normal; font-weight: 400;\">Valdemorillo,\u00a0<\/span><span style=\"font-family: Arial, sans-serif; font-size: 18px; font-style: normal; font-weight: 400;\">Las Rozas (2), San Lorenzo de el Escoria<\/span><span style=\"font-family: Arial, sans-serif; font-size: 18px; font-style: normal; font-weight: 400;\">l (8), Madrid (2) y Majadahonda (2).<\/span><\/p><p style=\"font-family: Arial, sans-serif; font-size: 18px; font-style: normal; font-weight: 400; color: #000000; text-align: justify;\">Es cada vez m\u00e1s evidente que la vida, presionada tambi\u00e9n por la pandemia, nos est\u00e1 empujando al uso m\u00e1s intensivo de estas herramientas de comunicaci\u00f3n. Las administraciones, el sistema bancario, las compras&#8230; de<\/p><figure id=\"attachment_2090\" aria-describedby=\"caption-attachment-2090\" style=\"width: 255px\" class=\"wp-caption alignright\"><a href=\"http:\/\/juntosnohaylimites.org\/wp-content\/uploads\/2021\/03\/2021.03.24-SLE-JAN-5.jpeg\"><img loading=\"lazy\" decoding=\"async\" class=\"wp-image-2090\" src=\"http:\/\/juntosnohaylimites.org\/wp-content\/uploads\/2021\/03\/2021.03.24-SLE-JAN-5-300x225.jpeg\" alt=\"\" width=\"255\" height=\"191\" srcset=\"http:\/\/juntosnohaylimites.org\/wp-content\/uploads\/2021\/03\/2021.03.24-SLE-JAN-5-300x225.jpeg 300w, http:\/\/juntosnohaylimites.org\/wp-content\/uploads\/2021\/03\/2021.03.24-SLE-JAN-5-1024x768.jpeg 1024w, http:\/\/juntosnohaylimites.org\/wp-content\/uploads\/2021\/03\/2021.03.24-SLE-JAN-5-768x576.jpeg 768w, http:\/\/juntosnohaylimites.org\/wp-content\/uploads\/2021\/03\/2021.03.24-SLE-JAN-5-1536x1152.jpeg 1536w, http:\/\/juntosnohaylimites.org\/wp-content\/uploads\/2021\/03\/2021.03.24-SLE-JAN-5-1230x923.jpeg 1230w, http:\/\/juntosnohaylimites.org\/wp-content\/uploads\/2021\/03\/2021.03.24-SLE-JAN-5-480x360.jpeg 480w, http:\/\/juntosnohaylimites.org\/wp-content\/uploads\/2021\/03\/2021.03.24-SLE-JAN-5.jpeg 2048w\" sizes=\"(max-width: 255px) 100vw, 255px\" \/><\/a><figcaption id=\"caption-attachment-2090\" class=\"wp-caption-text\">Las tres hermanas&#8230;<\/figcaption><\/figure><p style=\"font-family: Arial, sans-serif; font-size: 18px; font-style: normal; font-weight: 400; color: #000000; text-align: justify;\">forma creciente est\u00e1n imponiendo\u00a0la comunicaci\u00f3n telem\u00e1tica. Tambi\u00e9n las relaciones humanas en estos tiempos de pandemia nos conducen a lo mismo.\u00a0 El acceso a internet se ha convertido ya en un necesidad b\u00e1sica y en un derecho. Y con ella habr\u00eda que incorporar iniciativas institucionales para mejorar las habilidades digitales de la poblaci\u00f3n.<\/p><p style=\"font-family: Arial, sans-serif; font-size: 18px; font-style: normal; font-weight: 400; color: #000000; text-align: justify;\">En el caso de los alumn@s esta necesidad es obvia y m\u00e1s de los que creemos no tienen el equipo necesario. La administraci\u00f3n y los centros educativos deber\u00edan hacer un esfuerzo por identificar a estas familias. La equidad educativa consiste en proporcionar los recursos imprescindibles para que todo el alumnado pueda seguir su proceso de aprendizaje con normalidad.<\/p><p style=\"font-family: Arial, sans-serif; font-size: 18px; font-style: normal; font-weight: 400; color: #000000; text-align: justify;\"><span style=\"font-size: 18px; font-weight: 400;\">Hay una desigualdad \u201ctecnol\u00f3gica\u201d que se une a la desigualdad en las condiciones materiales en las que se desarrolla la socializaci\u00f3n de los ni\u00f1os y ni\u00f1as. Y todo ello en el marco de una ense\u00f1anza obligatoria que debe promover, supuestamente, la igualdad de oportunidades.<\/span><\/p><p style=\"font-family: Arial, sans-serif; font-size: 18px; font-style: normal; font-weight: 400; color: #000000; text-align: justify;\">Lo que nos estamos encontrando no es precisamente esto. No vemos una preocupaci\u00f3n activa por parte de la administraci\u00f3n educativa para ayudar a cerrar la brecha digital.<\/p><p style=\"font-family: Arial, sans-serif; font-size: 18px; font-style: normal; font-weight: 400; color: #000000; text-align: justify;\"><strong>\u00bfY qu\u00e9 es lo imprescindible?:<\/strong><\/p><ul><li style=\"list-style-type: none;\"><ul><li style=\"font-family: Arial, sans-serif; font-size: 18px; font-style: normal; font-weight: 400; color: #000000; text-align: justify;\"><span style=\"font-family: Arial, sans-serif; font-size: 18px; font-style: normal; font-weight: 400;\">Un equipo inform\u00e1tico digno (CPU de doble o triple n\u00facleo, 4 o m\u00e1s gb de RAM)<\/span><\/li><li style=\"font-family: Arial, sans-serif; font-size: 18px; font-style: normal; font-weight: 400; color: #000000; text-align: justify;\">Una conexi\u00f3n a internet.<\/li><li style=\"font-family: Arial, sans-serif; font-size: 18px; font-style: normal; font-weight: 400; color: #000000; text-align: justify;\">Webcam y sistema de sonido con mirc\u00f3fono<\/li><li style=\"font-family: Arial, sans-serif; font-size: 18px; font-style: normal; font-weight: 400; color: #000000; text-align: justify;\">Formaci\u00f3n digital para la familia.<\/li><li style=\"font-family: Arial, sans-serif; font-size: 18px; font-style: normal; font-weight: 400; color: #000000; text-align: justify;\">Formaci\u00f3n digital para el profesorado.<\/li><\/ul><\/li><\/ul><p style=\"font-family: Arial, sans-serif; font-size: 18px; font-style: normal; font-weight: 400; color: #000000; text-align: justify;\"><span style=\"font-weight: 400;\">Lo que nos estamos encontrando son familias que carecen de estas cosas. Familias que precisan de que otras les presten su conexi\u00f3n wifi, que carecen de condiciones habitacionales dignas. La soluci\u00f3n no pasa por que las asociaciones que facilitan equipos usados que cumplen de forma raspada las especificaciones m\u00ednimas. Es necesaria la intervenci\u00f3n m\u00e1s amplia de la administraci\u00f3n.<\/span><\/p><p style=\"font-family: Arial, sans-serif; font-size: 18px; font-style: normal; font-weight: 400; color: #000000; text-align: justify;\"><span style=\"font-family: Arial, sans-serif; font-size: 18px; font-style: normal; font-weight: 400;\">Adem\u00e1s de actuar paliando algunas deficiencias de un sistema educativo que no garantiza que TOD@S L@S ALUMN@S tengan las herramientas que hoy son imprescindibles, tambi\u00e9n es necesario modificar las condiciones sociales que suponen una enorme barrera para la educaci\u00f3n misma.<\/span><\/p><p style=\"font-family: Arial, sans-serif; font-size: 18px; font-style: normal; font-weight: 400; color: #000000; text-align: justify;\">Seguimos ayudando en lo que podemos, pero es importante que la brecha digital no crezca y que mejoren las condiciones sociales para las cuales es imprescindible que las administraciones act\u00faen.<\/p>\t\t\t\t\t\t<\/div>\n\t\t\t\t<\/div>\n\t\t\t\t<div class=\"elementor-element elementor-element-361baf1 elementor-widget-divider--view-line elementor-widget elementor-widget-divider\" data-id=\"361baf1\" data-element_type=\"widget\" data-widget_type=\"divider.default\">\n\t\t\t\t<div class=\"elementor-widget-container\">\n\t\t\t\t\t<div class=\"elementor-divider\">\n\t\t\t<span class=\"elementor-divider-separator\">\n\t\t\t\t\t\t<\/span>\n\t\t<\/div>\n\t\t\t\t<\/div>\n\t\t\t\t<\/div>\n\t\t\t\t<div class=\"elementor-element elementor-element-989f07b elementor-widget elementor-widget-text-editor\" data-id=\"989f07b\" data-element_type=\"widget\" data-widget_type=\"text-editor.default\">\n\t\t\t\t<div class=\"elementor-widget-container\">\n\t\t\t\t\t\t\t<p style=\"font-family: Arial, sans-serif; font-size: 18px; font-style: normal; font-weight: 400; color: #000000; text-align: justify;\"><strong style=\"color: #993300; font-size: 24px;\">Seguimos teniendo ordenadores preparados para quien lo necesite.<\/strong><\/p><p style=\"font-family: Arial, sans-serif; font-size: 18px; font-style: normal; font-weight: 400; color: #000000; text-align: justify;\">El objetivo sigue siendo que l@s alumn@s tengan lo necesario para poder seguir las clases, especialmente cuando se produzca un confinamiento.<\/p><p style=\"font-family: Arial, sans-serif; font-size: 18px; font-style: normal; font-weight: 400; color: #000000; text-align: justify;\">Ahora mismo no tenemos equipos dignos para donar. Eso s\u00ed, ya hay personas que se han\u00a0 puesto en contacto con nosotros para cedernos sus ordenadores. En breve nos llegar\u00e1n. Lo que sigue falt\u00e1ndonos son algunos perif\u00e9ricos como <span style=\"color: #993300;\"><strong>altavoces, teclados, USB Wifis y WebCam<\/strong><\/span> para dotar a todos los ordenadores de los requisitos m\u00ednimos para trabajar a distancia.\u00a0 Si alguien dispone de ellos y no los usa puede ced\u00e9rnoslo.<\/p><p style=\"font-family: Arial, sans-serif; font-size: 18px; font-style: normal; font-weight: 400; color: #000000; text-align: justify;\"><strong><span style=\"color: #993300;\">Tambi\u00e9n necesitamos discos duros internos<\/span><\/strong> para algunas torres que est\u00e1n realmente bien pero que nos las han pasado sin ellos.<\/p><p style=\"font-family: Arial, sans-serif; font-size: 18px; font-style: normal; font-weight: 400; color: #000000; text-align: justify;\">Para este curso escolar, condicionado por la pandemia, es necesario que tod@s l@s alumn@s puedan disponer de ordenadores en sus casas porque es f\u00e1cil que lo necesiten para el acceso online, tanto para las clases como para las tareas.<\/p><ul style=\"font-family: Arial, sans-serif; font-size: 18px; font-style: normal; color: #000000; text-align: justify;\"><li style=\"font-weight: 400; font-size: 18px;\"><span style=\"font-size: 18px; color: #800000;\"><span style=\"font-size: 30px; font-weight: bold;\">Si necesitas un ordenador<\/span><\/span>\u00a0ponte en contacto con nosotr@s.<\/li><li style=\"font-size: 18px;\"><span style=\"font-size: 30px; color: #800000;\"><b>COLABORA<\/b><\/span>.\u00a0<span style=\"font-weight: bold; font-size: 18px;\">Difunde<\/span>\u00a0y\u00a0<span style=\"font-weight: bold; font-size: 18px;\">si tienes equipos y perif\u00e9ricos (wifi usb, webcam, micr\u00f3fonos, teclados, altavoces, discos&#8230;)<\/span>\u00a0que puedan utilizarse, ponte tambi\u00e9n en contacto con nosotr@s.<\/li><\/ul><h3 style=\"text-align: justify;\">QUE TOD@S ALUMN@S PUEDAN REALIZAR LAS TAREAS EN CASA<\/h3><p style=\"font-family: Arial, sans-serif; font-size: 18px; font-style: normal; font-weight: 400; color: #000000; text-align: justify;\">Adem\u00e1s\u00a0<span style=\"font-size: 18px; font-weight: bold;\">seguimos distribuyendo productos b\u00e1sicos<\/span>.<\/p><ul style=\"font-family: Arial, sans-serif; font-size: 18px; font-style: normal; font-weight: 400; color: #000000; text-align: justify;\"><li style=\"font-size: 18px;\"><span style=\"font-size: 18px; color: #800000;\"><span style=\"font-size: 18px; font-weight: bold;\">COLABORA.<\/span><\/span><\/li><\/ul><p style=\"font-family: Arial, sans-serif; font-size: 18px; font-style: normal; font-weight: 400; color: #000000; text-align: justify;\"><span style=\"font-size: 18px;\">Si necesitas un ordenador para realizar las tareas educativas o conoces a alguien que lo necesite, ponte en contacto con nosotros y os lo hacemos llegar.<\/span><\/p><hr style=\"background-color: #ffffff; color: #000000; font-family: Arial, sans-serif; text-align: justify;\" \/><div style=\"font-family: Arial, sans-serif; font-size: 18px; font-style: normal; font-weight: 400; color: #000000; text-align: justify;\"><span style=\"font-size: 18px; font-weight: bold;\"><span style=\"font-size: 18px; color: #800000;\">Contacto:<\/span><\/span><\/div><ul style=\"font-family: Arial, sans-serif; font-size: 18px; font-style: normal; font-weight: 400; color: #000000; text-align: justify;\"><li style=\"font-size: 18px;\"><span style=\"font-size: 18px; font-weight: bold;\"><span style=\"font-size: 18px; color: #800000;\">Tel\u00e9fonos: 629564515 \/ 630315914<br \/><\/span><\/span><\/li><li style=\"font-size: 18px;\"><span style=\"font-size: 18px; font-weight: bold;\"><span style=\"font-size: 18px; color: #800000;\">Email: juntosnohaylimites@gmail.com<\/span><\/span><\/li><\/ul><p style=\"font-family: Arial, sans-serif; font-size: 18px; font-style: normal; font-weight: 400; color: #000000; text-align: center;\"><span style=\"font-size: 18px; font-weight: bold;\">Te necesitamos, te esperamos.\u00a0<\/span><br \/><span style=\"font-size: 18px; font-weight: bold;\">Entre tod@s hacemos un mundo\u00a0<\/span><span style=\"font-size: 18px; font-weight: bold;\">mejor.<\/span><\/p><p style=\"font-family: Arial, sans-serif; font-size: 18px; font-style: normal; font-weight: 400; color: #000000; text-align: center;\"><span style=\"font-size: 18px; color: #0000ff;\"><span style=\"font-size: 18px; font-weight: bold;\"><a style=\"font-size: 18px;\" href=\"http:\/\/juntosnohaylimites.org\/wp-admin\/customize.php?autofocus%5Bpanel%5D=widgets&amp;return=%2Fwp-admin%2Fwidgets.php\" target=\"_blank\" rel=\"noopener\">Dona, ap\u00f3yanos econ\u00f3micamente para conseguirlo.<\/a><\/span><\/span><\/p>\t\t\t\t\t\t<\/div>\n\t\t\t\t<\/div>\n\t\t\t\t<div class=\"elementor-element elementor-element-c18927d elementor-widget elementor-widget-image\" data-id=\"c18927d\" data-element_type=\"widget\" data-widget_type=\"image.default\">\n\t\t\t\t<div class=\"elementor-widget-container\">\n\t\t\t\t\t\t\t\t\t\t\t\t\t<img loading=\"lazy\" decoding=\"async\" width=\"1024\" height=\"512\" src=\"http:\/\/juntosnohaylimites.org\/wp-content\/uploads\/2021\/03\/TWITTER_CARTEL1.2-1024x512.png\" class=\"attachment-large size-large wp-image-2083\" alt=\"\" srcset=\"http:\/\/juntosnohaylimites.org\/wp-content\/uploads\/2021\/03\/TWITTER_CARTEL1.2-1024x512.png 1024w, http:\/\/juntosnohaylimites.org\/wp-content\/uploads\/2021\/03\/TWITTER_CARTEL1.2-300x150.png 300w, http:\/\/juntosnohaylimites.org\/wp-content\/uploads\/2021\/03\/TWITTER_CARTEL1.2-768x384.png 768w, http:\/\/juntosnohaylimites.org\/wp-content\/uploads\/2021\/03\/TWITTER_CARTEL1.2-1536x768.png 1536w, http:\/\/juntosnohaylimites.org\/wp-content\/uploads\/2021\/03\/TWITTER_CARTEL1.2-1230x615.png 1230w, http:\/\/juntosnohaylimites.org\/wp-content\/uploads\/2021\/03\/TWITTER_CARTEL1.2-680x340.png 680w, http:\/\/juntosnohaylimites.org\/wp-content\/uploads\/2021\/03\/TWITTER_CARTEL1.2.png 2048w\" sizes=\"(max-width: 1024px) 100vw, 1024px\" \/>\t\t\t\t\t\t\t\t\t\t\t\t\t<\/div>\n\t\t\t\t<\/div>\n\t\t\t\t\t<\/div>\n\t\t<\/div>\n\t\t\t\t\t<\/div>\n\t\t<\/section>\n\t\t\t\t<\/div>\n\t\t","protected":false},"excerpt":{"rendered":"<p>QUE TOD@S ALUMN@S PUEDAN REALIZAR LAS TAREAS EN CASA. Seguimos distribuyendo ordenadores y&nbsp;ayudando a familias con productos b\u00e1sicos!!! Seguimos cubriendo necesidades inform\u00e1ticas de l@s alumn@s.&nbsp;&#8230;<\/p>\n","protected":false},"author":1,"featured_media":2083,"comment_status":"open","ping_status":"open","sticky":false,"template":"template-c-s1-post.php","format":"standard","meta":{"_jetpack_memberships_contains_paid_content":false,"footnotes":""},"categories":[7,16],"tags":[19,18,6],"class_list":["post-2078","post","type-post","status-publish","format-standard","has-post-thumbnail","hentry","category-acciones","category-donacion-material-ordenadores","tag-alimentos","tag-covid-19","tag-junts-no-hay-limites","wpcat-7-id","wpcat-16-id"],"jetpack_sharing_enabled":true,"jetpack_featured_media_url":"http:\/\/juntosnohaylimites.org\/wp-content\/uploads\/2021\/03\/TWITTER_CARTEL1.2.png","_links":{"self":[{"href":"http:\/\/juntosnohaylimites.org\/index.php\/wp-json\/wp\/v2\/posts\/2078","targetHints":{"allow":["GET"]}}],"collection":[{"href":"http:\/\/juntosnohaylimites.org\/index.php\/wp-json\/wp\/v2\/posts"}],"about":[{"href":"http:\/\/juntosnohaylimites.org\/index.php\/wp-json\/wp\/v2\/types\/post"}],"author":[{"embeddable":true,"href":"http:\/\/juntosnohaylimites.org\/index.php\/wp-json\/wp\/v2\/users\/1"}],"replies":[{"embeddable":true,"href":"http:\/\/juntosnohaylimites.org\/index.php\/wp-json\/wp\/v2\/comments?post=2078"}],"version-history":[{"count":18,"href":"http:\/\/juntosnohaylimites.org\/index.php\/wp-json\/wp\/v2\/posts\/2078\/revisions"}],"predecessor-version":[{"id":2101,"href":"http:\/\/juntosnohaylimites.org\/index.php\/wp-json\/wp\/v2\/posts\/2078\/revisions\/2101"}],"wp:featuredmedia":[{"embeddable":true,"href":"http:\/\/juntosnohaylimites.org\/index.php\/wp-json\/wp\/v2\/media\/2083"}],"wp:attachment":[{"href":"http:\/\/juntosnohaylimites.org\/index.php\/wp-json\/wp\/v2\/media?parent=2078"}],"wp:term":[{"taxonomy":"category","embeddable":true,"href":"http:\/\/juntosnohaylimites.org\/index.php\/wp-json\/wp\/v2\/categories?post=2078"},{"taxonomy":"post_tag","embeddable":true,"href":"http:\/\/juntosnohaylimites.org\/index.php\/wp-json\/wp\/v2\/tags?post=2078"}],"curies":[{"name":"wp","href":"https:\/\/api.w.org\/{rel}","templated":true}]}}