{"id":1819,"date":"2021-02-12T09:49:36","date_gmt":"2021-02-12T09:49:36","guid":{"rendered":"http:\/\/juntosnohaylimites.org\/?p=1819"},"modified":"2021-02-12T09:50:00","modified_gmt":"2021-02-12T09:50:00","slug":"entregamos-de-nuevo-un-ordenador-el-8-de-febrero-en-madrid","status":"publish","type":"post","link":"http:\/\/juntosnohaylimites.org\/index.php\/2021\/02\/12\/entregamos-de-nuevo-un-ordenador-el-8-de-febrero-en-madrid\/","title":{"rendered":"Entregamos de nuevo un ordenador el 8 de febrero en Madrid."},"content":{"rendered":"\t\t<div data-elementor-type=\"wp-post\" data-elementor-id=\"1819\" class=\"elementor elementor-1819\">\n\t\t\t\t\t\t<section class=\"elementor-section elementor-top-section elementor-element elementor-element-53a5f1b elementor-section-boxed elementor-section-height-default elementor-section-height-default\" data-id=\"53a5f1b\" data-element_type=\"section\">\n\t\t\t\t\t\t<div class=\"elementor-container elementor-column-gap-default\">\n\t\t\t\t\t<div class=\"elementor-column elementor-col-100 elementor-top-column elementor-element elementor-element-cf6588a\" data-id=\"cf6588a\" data-element_type=\"column\">\n\t\t\t<div class=\"elementor-widget-wrap elementor-element-populated\">\n\t\t\t\t\t\t<div class=\"elementor-element elementor-element-aac9470 elementor-widget elementor-widget-text-editor\" data-id=\"aac9470\" data-element_type=\"widget\" data-widget_type=\"text-editor.default\">\n\t\t\t\t<div class=\"elementor-widget-container\">\n\t\t\t\t\t\t\t<h2><span style=\"font-size: 28px; font-weight: bold;\"><span style=\"font-size: 28px; color: #800080;\">QUE TOD@S ALUMN@S PUEDAN REALIZAR LAS TAREAS EN CASA.<\/span><\/span><\/h2><h3 style=\"text-align: justify;\"><span style=\"font-size: 24px; font-weight: bold;\">Seguimos distribuyendo ordenadores y\u00a0<span style=\"font-size: 18px;\">ayudando a familias con productos b\u00e1sicos!!!<\/span><\/span><\/h3><figure id=\"attachment_1823\" aria-describedby=\"caption-attachment-1823\" style=\"width: 300px\" class=\"wp-caption alignleft\"><a href=\"http:\/\/juntosnohaylimites.org\/wp-content\/uploads\/2021\/02\/Candela-Madrid1.jpg\"><img decoding=\"async\" class=\"wp-image-1823 size-medium\" src=\"http:\/\/juntosnohaylimites.org\/wp-content\/uploads\/2021\/02\/Candela-Madrid1-300x154.jpg\" alt=\"\" width=\"300\" height=\"154\" srcset=\"http:\/\/juntosnohaylimites.org\/wp-content\/uploads\/2021\/02\/Candela-Madrid1-300x154.jpg 300w, http:\/\/juntosnohaylimites.org\/wp-content\/uploads\/2021\/02\/Candela-Madrid1-1024x526.jpg 1024w, http:\/\/juntosnohaylimites.org\/wp-content\/uploads\/2021\/02\/Candela-Madrid1-768x394.jpg 768w, http:\/\/juntosnohaylimites.org\/wp-content\/uploads\/2021\/02\/Candela-Madrid1-1536x788.jpg 1536w, http:\/\/juntosnohaylimites.org\/wp-content\/uploads\/2021\/02\/Candela-Madrid1-2048x1051.jpg 2048w, http:\/\/juntosnohaylimites.org\/wp-content\/uploads\/2021\/02\/Candela-Madrid1-1230x631.jpg 1230w\" sizes=\"(max-width: 300px) 100vw, 300px\" \/><\/a><figcaption id=\"caption-attachment-1823\" class=\"wp-caption-text\">Viendo el funcionamiento.<\/figcaption><\/figure><p style=\"font-family: Arial, sans-serif; font-size: 18px; font-style: normal; font-weight: 400; color: #000000; text-align: justify;\">Las necesidades est\u00e1n ah\u00ed y terminan aflorando.<\/p><p style=\"font-family: Arial, sans-serif; font-size: 18px; font-style: normal; font-weight: 400; color: #000000; text-align: justify;\">De nuevo hemos facilitado un ordenador para una mujer que lo necesitaba. Las necesidades de acceso telem\u00e1tico est\u00e1n cambiando nuestra forma de relacionarnos con los procedimientos administrativos y se est\u00e1n convirtiendo en una herramienta b\u00e1sica.\u00a0<\/p><figure id=\"attachment_1824\" aria-describedby=\"caption-attachment-1824\" style=\"width: 300px\" class=\"wp-caption alignright\"><a href=\"http:\/\/juntosnohaylimites.org\/wp-content\/uploads\/2021\/02\/Candela-Madrid2.jpg\"><img fetchpriority=\"high\" decoding=\"async\" class=\"wp-image-1824 size-medium\" src=\"http:\/\/juntosnohaylimites.org\/wp-content\/uploads\/2021\/02\/Candela-Madrid2-300x187.jpg\" alt=\"\" width=\"300\" height=\"187\" srcset=\"http:\/\/juntosnohaylimites.org\/wp-content\/uploads\/2021\/02\/Candela-Madrid2-300x187.jpg 300w, http:\/\/juntosnohaylimites.org\/wp-content\/uploads\/2021\/02\/Candela-Madrid2-1024x637.jpg 1024w, http:\/\/juntosnohaylimites.org\/wp-content\/uploads\/2021\/02\/Candela-Madrid2-768x477.jpg 768w, http:\/\/juntosnohaylimites.org\/wp-content\/uploads\/2021\/02\/Candela-Madrid2-1536x955.jpg 1536w, http:\/\/juntosnohaylimites.org\/wp-content\/uploads\/2021\/02\/Candela-Madrid2-1230x765.jpg 1230w, http:\/\/juntosnohaylimites.org\/wp-content\/uploads\/2021\/02\/Candela-Madrid2.jpg 1750w\" sizes=\"(max-width: 300px) 100vw, 300px\" \/><\/a><figcaption id=\"caption-attachment-1824\" class=\"wp-caption-text\">Explicando el funcionamiento<\/figcaption><\/figure><p style=\"font-family: Arial, sans-serif; font-size: 18px; font-style: normal; font-weight: 400; color: #000000; text-align: justify;\">De nuevo hemos facilitado un port\u00e1til donado recientemente. Si no fuera por los donantes no podr\u00edamos cubrir estas necesidades.\u00a0<\/p><p style=\"font-family: Arial, sans-serif; font-size: 18px; font-style: normal; font-weight: 400; color: #000000; text-align: justify;\"><span style=\"font-family: Arial, sans-serif; font-size: 18px; font-style: normal; font-weight: 400;\">En definitiva, ha resultado un encuentro muy productivo y sumamente agradable.<\/span><\/p><p style=\"font-family: Arial, sans-serif; font-size: 18px; font-style: normal; font-weight: 400; color: #000000; text-align: justify;\"><span style=\"font-family: Arial, sans-serif; font-size: 18px; font-style: normal; font-weight: 400;\">En breve donaremos 2 ordenadores m\u00e1s a 2 familias de San Lorenzo de El Escorial para sus hij@s.<\/span><\/p><p style=\"font-family: Arial, sans-serif; font-size: 18px; font-style: normal; font-weight: 400; color: #000000; text-align: justify;\"><span style=\"font-family: Arial, sans-serif; font-size: 18px; font-style: normal; font-weight: 400;\">Con este son ya 25 ordenadores entregados a familias y alumn@s que lo necesitaban de Collado Villalba (4), Galapagar (9)\u00a0<\/span><span style=\"font-family: Arial, sans-serif; font-size: 18px; font-style: normal; font-weight: 400;\">,\u00a0<\/span><span style=\"font-family: Arial, sans-serif; font-size: 18px; font-style: normal; font-weight: 400;\">Valdemorillo,\u00a0<\/span><span style=\"font-family: Arial, sans-serif; font-size: 18px; font-style: normal; font-weight: 400;\">Las Rozas (2), San Lorenzo de el Escoria<\/span><span style=\"font-family: Arial, sans-serif; font-size: 18px; font-style: normal; font-weight: 400;\">l (5), Madrid (2) y Majadahonda (2).<\/span><span style=\"font-family: Arial, sans-serif; font-size: 18px; font-style: normal; font-weight: 400;\"><br \/><\/span><\/p><p style=\"font-family: Arial, sans-serif; font-size: 18px; font-style: normal; font-weight: 400; color: #000000; text-align: justify;\">Es cada vez m\u00e1s evidente que la vida, presionada tambi\u00e9n por la pandemia, nos est\u00e1 empujando al uso m\u00e1s intensivo de estas herramientas de comunicaci\u00f3n. Las administraciones, el sistema bancario, las compras&#8230; de forma creciente est\u00e1n imponiendo la comunicaci\u00f3n telem\u00e1tica. Tambi\u00e9n las relaciones humanas en esto tiempos de pandemia nos conducen a lo mismo.\u00a0 De ah\u00ed que la conexi\u00f3n telem\u00e1tica se est\u00e1 convirtiendo en un necesidad b\u00e1sica. Y con ella habr\u00eda que incorporar iniciativas institucionales para mejorar las habilidades digitales de una parte de la poblaci\u00f3n, especialmente a determinadas edades, que se enfrenta a un reto en muchos casos insuperable.<\/p><p style=\"font-family: Arial, sans-serif; font-size: 18px; font-style: normal; font-weight: 400; color: #000000; text-align: justify;\">En el caso de los alumn@s esta necesidad es obvia y m\u00e1s de los que creemos no tienen el equipo necesario. La administraci\u00f3n y los centros educativos deber\u00edan hacer un esfuerzo por identificar a estas familias. La equidad educativa consiste en proporcionar los recursos imprescindibles para que todo el alumnado pueda seguir su proceso de aprendizaje con normalidad.\u00a0<\/p><p style=\"font-family: Arial, sans-serif; font-size: 18px; font-style: normal; font-weight: 400; color: #000000; text-align: justify;\"><span style=\"font-weight: 400;\">El trabajo telem\u00e1tico es una realidad y la brecha digital se va agrandando si no ponemos remedio.<\/span><\/p><p style=\"font-family: Arial, sans-serif; font-size: 18px; font-style: normal; font-weight: 400; color: #000000; text-align: justify;\"><span style=\"font-size: 18px; font-weight: 400;\">Hay una desigualdad \u201ctecnol\u00f3gica\u201d que se une a la desigualdad de condiciones materiales en las que se desarrolla la socializaci\u00f3n de los ni\u00f1os y ni\u00f1as. Y todo ello en el marco de una ense\u00f1anza obligatoria que debe promover, supuestamente, la igualdad de oportunidades.<\/span><\/p><p style=\"font-family: Arial, sans-serif; font-size: 18px; font-style: normal; font-weight: 400; color: #000000; text-align: justify;\">Lo que nos estamos encontrando no es precisamente esto. No vemos una preocupaci\u00f3n activa por parte de la administraci\u00f3n educativa para ayudar a cerrar la brecha digital.<\/p><p style=\"font-family: Arial, sans-serif; font-size: 18px; font-style: normal; font-weight: 400; color: #000000; text-align: justify;\"><strong>\u00bfY qu\u00e9 es lo imprescindible?:<\/strong><\/p><ul><li style=\"list-style-type: none;\"><ul><li style=\"font-family: Arial, sans-serif; font-size: 18px; font-style: normal; font-weight: 400; color: #000000; text-align: justify;\"><span style=\"font-family: Arial, sans-serif; font-size: 18px; font-style: normal; font-weight: 400;\">Un equipo inform\u00e1tico digno (CPU de doble o triple n\u00facleo, 4 o m\u00e1s gb de RAM)<\/span><\/li><li style=\"font-family: Arial, sans-serif; font-size: 18px; font-style: normal; font-weight: 400; color: #000000; text-align: justify;\">Una conexi\u00f3n a internet.<\/li><li style=\"font-family: Arial, sans-serif; font-size: 18px; font-style: normal; font-weight: 400; color: #000000; text-align: justify;\">Webcam y sistema de sonido con mirc\u00f3fono<\/li><li style=\"font-family: Arial, sans-serif; font-size: 18px; font-style: normal; font-weight: 400; color: #000000; text-align: justify;\">Formaci\u00f3n digital para la familia.<\/li><li style=\"font-family: Arial, sans-serif; font-size: 18px; font-style: normal; font-weight: 400; color: #000000; text-align: justify;\">Formaci\u00f3n digital para el profesorado.<\/li><\/ul><\/li><\/ul><p style=\"font-family: Arial, sans-serif; font-size: 18px; font-style: normal; font-weight: 400; color: #000000; text-align: justify;\"><span style=\"font-weight: 400;\">Lo que nos estamos encontrando son familias que carecen de estas cosas. Familias que precisan de que otras les presten su conexi\u00f3n wifi. Asociaciones que facilitan equipos usados que cumplen de forma raspada las especificaciones m\u00ednimas.<\/span><\/p><p style=\"font-family: Arial, sans-serif; font-size: 18px; font-style: normal; font-weight: 400; color: #000000; text-align: justify;\"><span style=\"font-family: Arial, sans-serif; font-size: 18px; font-style: normal; font-weight: 400;\">Adem\u00e1s de actuar paliando algunas deficiencias de un sistema educativo que no garantiza que TOD@S L@S ALUMN@S tengan las herramientas que hoy son imprescindibles, tambi\u00e9n es necesario modificar las condiciones sociales que suponen una enorme barrera para la educaci\u00f3n misma.<\/span><\/p><p style=\"font-family: Arial, sans-serif; font-size: 18px; font-style: normal; font-weight: 400; color: #000000; text-align: justify;\">Seguimos ayudando en lo que podemos, pero es importante que la brecha digital no crezca y que mejoren las condiciones sociales para las cuales es imprescindible que las administraciones act\u00faen.<\/p>\t\t\t\t\t\t<\/div>\n\t\t\t\t<\/div>\n\t\t\t\t<div class=\"elementor-element elementor-element-361baf1 elementor-widget-divider--view-line elementor-widget elementor-widget-divider\" data-id=\"361baf1\" data-element_type=\"widget\" data-widget_type=\"divider.default\">\n\t\t\t\t<div class=\"elementor-widget-container\">\n\t\t\t\t\t<div class=\"elementor-divider\">\n\t\t\t<span class=\"elementor-divider-separator\">\n\t\t\t\t\t\t<\/span>\n\t\t<\/div>\n\t\t\t\t<\/div>\n\t\t\t\t<\/div>\n\t\t\t\t<div class=\"elementor-element elementor-element-989f07b elementor-widget elementor-widget-text-editor\" data-id=\"989f07b\" data-element_type=\"widget\" data-widget_type=\"text-editor.default\">\n\t\t\t\t<div class=\"elementor-widget-container\">\n\t\t\t\t\t\t\t<p style=\"font-family: Arial, sans-serif; font-size: 18px; font-style: normal; font-weight: 400; color: #000000; text-align: justify;\"><strong style=\"color: #993300; font-size: 24px;\">Seguimos teniendo ordenadores preparados para quien lo necesite.<\/strong><\/p><p style=\"font-family: Arial, sans-serif; font-size: 18px; font-style: normal; font-weight: 400; color: #000000; text-align: justify;\">El objetivo sigue siendo que l@s alumn@s tengan lo necesario para poder seguir las clases, especialmente cuando se produzca un confinamiento.<\/p><p style=\"font-family: Arial, sans-serif; font-size: 18px; font-style: normal; font-weight: 400; color: #000000; text-align: justify;\">Aunque tenemos algunos perif\u00e9ricos, otros nos faltan. <span style=\"color: #993300;\"><strong>Necesitamos altavoces, ratones, USB Wifis y WebCam<\/strong><\/span> para dotar a todos los ordenadores de los requisitos m\u00ednimos para trabajar a distancia.\u00a0 Si alguien dispone de ellos y no los usa puede ced\u00e9rnoslo.<\/p><p style=\"font-family: Arial, sans-serif; font-size: 18px; font-style: normal; font-weight: 400; color: #000000; text-align: justify;\"><strong><span style=\"color: #993300;\">Tambi\u00e9n necesitamos discos duros internos<\/span><\/strong> para algunas torres que est\u00e1n realmente bien\u00a0 pero que nos las han pasado sin ellos.<\/p><p style=\"font-family: Arial, sans-serif; font-size: 18px; font-style: normal; font-weight: 400; color: #000000; text-align: justify;\">Para este curso escolar, condicionado por la pandemia, es necesario que tod@s l@s alumn@s puedan disponer de ordenadores en sus casas porque es f\u00e1cil que lo necesiten para el acceso online, tanto para las clases como para las tareas.<\/p><ul style=\"font-family: Arial, sans-serif; font-size: 18px; font-style: normal; color: #000000; text-align: justify;\"><li style=\"font-weight: 400; font-size: 18px;\"><span style=\"font-size: 18px; color: #800000;\"><span style=\"font-size: 30px; font-weight: bold;\">Si necesitas un ordenador<\/span><\/span>\u00a0ponte en contacto con nosotr@s.<\/li><li style=\"font-size: 18px;\"><span style=\"font-size: 30px; color: #800000;\"><b>COLABORA<\/b><\/span>.\u00a0<span style=\"font-weight: bold; font-size: 18px;\">Difunde<\/span>\u00a0y\u00a0<span style=\"font-weight: bold; font-size: 18px;\">si tienes equipos y perif\u00e9ricos (wifi usb, webcam, micr\u00f3fonos, altavoces, discos&#8230;)<\/span>\u00a0que puedan utilizarse, ponte tambi\u00e9n en contacto con nosotr@s.<\/li><\/ul><h3 style=\"text-align: justify;\">QUE TOD@S ALUMN@S PUEDAN REALIZAR LAS TAREAS EN CASA<\/h3><p style=\"font-family: Arial, sans-serif; font-size: 18px; font-style: normal; font-weight: 400; color: #000000; text-align: justify;\">Adem\u00e1s\u00a0<span style=\"font-size: 18px; font-weight: bold;\">seguimos distribuyendo productos b\u00e1sicos<\/span>.<\/p><ul style=\"font-family: Arial, sans-serif; font-size: 18px; font-style: normal; font-weight: 400; color: #000000; text-align: justify;\"><li style=\"font-size: 18px;\"><span style=\"font-size: 18px; color: #800000;\"><span style=\"font-size: 18px; font-weight: bold;\">COLABORA.<\/span><\/span><\/li><\/ul><p style=\"font-family: Arial, sans-serif; font-size: 18px; font-style: normal; font-weight: 400; color: #000000; text-align: justify;\"><span style=\"font-size: 18px;\">Si necesitas un ordenador para realizar las tareas educativas o conoces a alguien que lo necesite, ponte en contacto con nosotros y os lo hacemos llegar.<\/span><\/p><hr style=\"background-color: #ffffff; color: #000000; font-family: Arial, sans-serif; text-align: justify;\" \/><div style=\"font-family: Arial, sans-serif; font-size: 18px; font-style: normal; font-weight: 400; color: #000000; text-align: justify;\"><span style=\"font-size: 18px; font-weight: bold;\"><span style=\"font-size: 18px; color: #800000;\">Contacto:<\/span><\/span><\/div><ul style=\"font-family: Arial, sans-serif; font-size: 18px; font-style: normal; font-weight: 400; color: #000000; text-align: justify;\"><li style=\"font-size: 18px;\"><span style=\"font-size: 18px; font-weight: bold;\"><span style=\"font-size: 18px; color: #800000;\">Tel\u00e9fonos: 629564515 \/ 630315914<br \/><\/span><\/span><\/li><li style=\"font-size: 18px;\"><span style=\"font-size: 18px; font-weight: bold;\"><span style=\"font-size: 18px; color: #800000;\">Email: juntosnohaylimites@gmail.com<\/span><\/span><\/li><\/ul><p style=\"font-family: Arial, sans-serif; font-size: 18px; font-style: normal; font-weight: 400; color: #000000; text-align: center;\"><span style=\"font-size: 18px; font-weight: bold;\">Te necesitamos, te esperamos.\u00a0<\/span><br \/><span style=\"font-size: 18px; font-weight: bold;\">Entre tod@s hacemos un mundo\u00a0<\/span><span style=\"font-size: 18px; font-weight: bold;\">mejor.<\/span><\/p><p style=\"font-family: Arial, sans-serif; font-size: 18px; font-style: normal; font-weight: 400; color: #000000; text-align: center;\"><span style=\"font-size: 18px; color: #0000ff;\"><span style=\"font-size: 18px; font-weight: bold;\"><a style=\"font-size: 18px;\" href=\"http:\/\/juntosnohaylimites.org\/wp-admin\/customize.php?autofocus%5Bpanel%5D=widgets&amp;return=%2Fwp-admin%2Fwidgets.php\" target=\"_blank\" rel=\"noopener\">Dona, ap\u00f3yanos econ\u00f3micamente para conseguirlo.<\/a><\/span><\/span><\/p>\t\t\t\t\t\t<\/div>\n\t\t\t\t<\/div>\n\t\t\t\t<div class=\"elementor-element elementor-element-c18927d elementor-widget elementor-widget-image\" data-id=\"c18927d\" data-element_type=\"widget\" data-widget_type=\"image.default\">\n\t\t\t\t<div class=\"elementor-widget-container\">\n\t\t\t\t\t\t\t\t\t\t\t\t\t<img decoding=\"async\" width=\"1024\" height=\"512\" src=\"http:\/\/juntosnohaylimites.org\/wp-content\/uploads\/2021\/02\/TWITTER_CARTEL1.2-Madrid-1024x512.png\" class=\"attachment-large size-large wp-image-1820\" alt=\"\" srcset=\"http:\/\/juntosnohaylimites.org\/wp-content\/uploads\/2021\/02\/TWITTER_CARTEL1.2-Madrid-1024x512.png 1024w, http:\/\/juntosnohaylimites.org\/wp-content\/uploads\/2021\/02\/TWITTER_CARTEL1.2-Madrid-300x150.png 300w, http:\/\/juntosnohaylimites.org\/wp-content\/uploads\/2021\/02\/TWITTER_CARTEL1.2-Madrid-768x384.png 768w, http:\/\/juntosnohaylimites.org\/wp-content\/uploads\/2021\/02\/TWITTER_CARTEL1.2-Madrid-1536x768.png 1536w, http:\/\/juntosnohaylimites.org\/wp-content\/uploads\/2021\/02\/TWITTER_CARTEL1.2-Madrid-1230x615.png 1230w, http:\/\/juntosnohaylimites.org\/wp-content\/uploads\/2021\/02\/TWITTER_CARTEL1.2-Madrid-680x340.png 680w, http:\/\/juntosnohaylimites.org\/wp-content\/uploads\/2021\/02\/TWITTER_CARTEL1.2-Madrid.png 2048w\" sizes=\"(max-width: 1024px) 100vw, 1024px\" \/>\t\t\t\t\t\t\t\t\t\t\t\t\t<\/div>\n\t\t\t\t<\/div>\n\t\t\t\t\t<\/div>\n\t\t<\/div>\n\t\t\t\t\t<\/div>\n\t\t<\/section>\n\t\t\t\t<\/div>\n\t\t","protected":false},"excerpt":{"rendered":"<p>QUE TOD@S ALUMN@S PUEDAN REALIZAR LAS TAREAS EN CASA. Seguimos distribuyendo ordenadores y\u00a0ayudando a familias con productos b\u00e1sicos!!! Las necesidades est\u00e1n ah\u00ed y terminan aflorando&#8230;.<\/p>\n","protected":false},"author":1,"featured_media":1820,"comment_status":"open","ping_status":"open","sticky":false,"template":"template-c-s1-post.php","format":"standard","meta":{"_jetpack_memberships_contains_paid_content":false,"footnotes":""},"categories":[7,16],"tags":[19,18,6],"class_list":["post-1819","post","type-post","status-publish","format-standard","has-post-thumbnail","hentry","category-acciones","category-donacion-material-ordenadores","tag-alimentos","tag-covid-19","tag-junts-no-hay-limites","wpcat-7-id","wpcat-16-id"],"jetpack_sharing_enabled":true,"jetpack_featured_media_url":"http:\/\/juntosnohaylimites.org\/wp-content\/uploads\/2021\/02\/TWITTER_CARTEL1.2-Madrid.png","_links":{"self":[{"href":"http:\/\/juntosnohaylimites.org\/index.php\/wp-json\/wp\/v2\/posts\/1819","targetHints":{"allow":["GET"]}}],"collection":[{"href":"http:\/\/juntosnohaylimites.org\/index.php\/wp-json\/wp\/v2\/posts"}],"about":[{"href":"http:\/\/juntosnohaylimites.org\/index.php\/wp-json\/wp\/v2\/types\/post"}],"author":[{"embeddable":true,"href":"http:\/\/juntosnohaylimites.org\/index.php\/wp-json\/wp\/v2\/users\/1"}],"replies":[{"embeddable":true,"href":"http:\/\/juntosnohaylimites.org\/index.php\/wp-json\/wp\/v2\/comments?post=1819"}],"version-history":[{"count":5,"href":"http:\/\/juntosnohaylimites.org\/index.php\/wp-json\/wp\/v2\/posts\/1819\/revisions"}],"predecessor-version":[{"id":1827,"href":"http:\/\/juntosnohaylimites.org\/index.php\/wp-json\/wp\/v2\/posts\/1819\/revisions\/1827"}],"wp:featuredmedia":[{"embeddable":true,"href":"http:\/\/juntosnohaylimites.org\/index.php\/wp-json\/wp\/v2\/media\/1820"}],"wp:attachment":[{"href":"http:\/\/juntosnohaylimites.org\/index.php\/wp-json\/wp\/v2\/media?parent=1819"}],"wp:term":[{"taxonomy":"category","embeddable":true,"href":"http:\/\/juntosnohaylimites.org\/index.php\/wp-json\/wp\/v2\/categories?post=1819"},{"taxonomy":"post_tag","embeddable":true,"href":"http:\/\/juntosnohaylimites.org\/index.php\/wp-json\/wp\/v2\/tags?post=1819"}],"curies":[{"name":"wp","href":"https:\/\/api.w.org\/{rel}","templated":true}]}}